{"id":14546,"date":"2025-04-02T18:23:00","date_gmt":"2025-04-02T16:23:00","guid":{"rendered":"https:\/\/www.wonnereich.com\/?p=14546"},"modified":"2025-04-02T18:23:05","modified_gmt":"2025-04-02T16:23:05","slug":"isidor-von-sevilla-der-heilige-des-internets","status":"publish","type":"post","link":"https:\/\/www.wonnereich.com\/en\/isidor-von-sevilla-der-heilige-des-internets\/","title":{"rendered":"Isidore of Seville \u2013 The Saint of the Internet"},"content":{"rendered":"<p><strong>Isidor von Sevilla \u2013 Der Cyber-Heilige des vernetzten Wissens<\/strong><\/p>\n\n\n\n<p>In einer Welt, die von Algorithmen, Netzwerken und digitaler Vernetzung gepr\u00e4gt ist, erscheint es fast prophetisch, dass ein Gelehrter aus dem 6. Jahrhundert heute als <strong>Schutzpatron des Internets<\/strong> gilt. <strong>Isidor von Sevilla<\/strong>, ein Vision\u00e4r seiner Zeit, erkannte bereits vor \u00fcber 1400 Jahren die Bedeutung eines geordneten, zug\u00e4nglichen Wissens \u2013 lange bevor Begriffe wie Datenbanken oder Open Source existierten. Sein Lebenswerk, die <em>Etymologiae<\/em>, war nichts weniger als das erste strukturierte Nachschlagewerk des Abendlandes \u2013 eine Art mittelalterliches Wikipedia, nur ohne WLAN.<\/p>\n\n\n\n<figure class=\"wp-block-gallery has-nested-images columns-default is-cropped wp-block-gallery-1 is-layout-flex wp-block-gallery-is-layout-flex\">\n<figure class=\"wp-block-image size-large\"><img decoding=\"async\" width=\"1024\" height=\"1024\" data-id=\"14548\" src=\"https:\/\/www.wonnereich.com\/wp-content\/uploads\/2025\/04\/d03ab0ca-3041-45f3-ac82-66d174314c68.jpg\" alt=\"Hl. Isidor von Sevilla Heiliger der Wissenschafter und Forscher\" class=\"wp-image-14548 no-lazyload\" srcset=\"https:\/\/www.wonnereich.com\/wp-content\/uploads\/2025\/04\/d03ab0ca-3041-45f3-ac82-66d174314c68.jpg 1024w, https:\/\/www.wonnereich.com\/wp-content\/uploads\/2025\/04\/d03ab0ca-3041-45f3-ac82-66d174314c68-300x300.jpg 300w, https:\/\/www.wonnereich.com\/wp-content\/uploads\/2025\/04\/d03ab0ca-3041-45f3-ac82-66d174314c68-150x150.jpg 150w, https:\/\/www.wonnereich.com\/wp-content\/uploads\/2025\/04\/d03ab0ca-3041-45f3-ac82-66d174314c68-768x768.jpg 768w, https:\/\/www.wonnereich.com\/wp-content\/uploads\/2025\/04\/d03ab0ca-3041-45f3-ac82-66d174314c68-12x12.jpg 12w, https:\/\/www.wonnereich.com\/wp-content\/uploads\/2025\/04\/d03ab0ca-3041-45f3-ac82-66d174314c68-324x324.jpg 324w, https:\/\/www.wonnereich.com\/wp-content\/uploads\/2025\/04\/d03ab0ca-3041-45f3-ac82-66d174314c68-416x416.jpg 416w, https:\/\/www.wonnereich.com\/wp-content\/uploads\/2025\/04\/d03ab0ca-3041-45f3-ac82-66d174314c68-100x100.jpg 100w\" sizes=\"(max-width: 1024px) 100vw, 1024px\" \/><\/figure>\n\n\n\n<figure class=\"wp-block-image size-large\"><img decoding=\"async\" width=\"1024\" height=\"1024\" data-id=\"14551\" src=\"https:\/\/www.wonnereich.com\/wp-content\/uploads\/2025\/04\/58c3222b-bfe5-4725-b4b3-d6cd24f9d58e.jpg\" alt=\"St. Isidor Heiliger der Lehrer Lehrerinnen\" class=\"wp-image-14551 no-lazyload\" srcset=\"https:\/\/www.wonnereich.com\/wp-content\/uploads\/2025\/04\/58c3222b-bfe5-4725-b4b3-d6cd24f9d58e.jpg 1024w, https:\/\/www.wonnereich.com\/wp-content\/uploads\/2025\/04\/58c3222b-bfe5-4725-b4b3-d6cd24f9d58e-300x300.jpg 300w, https:\/\/www.wonnereich.com\/wp-content\/uploads\/2025\/04\/58c3222b-bfe5-4725-b4b3-d6cd24f9d58e-150x150.jpg 150w, https:\/\/www.wonnereich.com\/wp-content\/uploads\/2025\/04\/58c3222b-bfe5-4725-b4b3-d6cd24f9d58e-768x768.jpg 768w, https:\/\/www.wonnereich.com\/wp-content\/uploads\/2025\/04\/58c3222b-bfe5-4725-b4b3-d6cd24f9d58e-12x12.jpg 12w, https:\/\/www.wonnereich.com\/wp-content\/uploads\/2025\/04\/58c3222b-bfe5-4725-b4b3-d6cd24f9d58e-324x324.jpg 324w, https:\/\/www.wonnereich.com\/wp-content\/uploads\/2025\/04\/58c3222b-bfe5-4725-b4b3-d6cd24f9d58e-416x416.jpg 416w, https:\/\/www.wonnereich.com\/wp-content\/uploads\/2025\/04\/58c3222b-bfe5-4725-b4b3-d6cd24f9d58e-100x100.jpg 100w\" sizes=\"(max-width: 1024px) 100vw, 1024px\" \/><\/figure>\n\n\n\n<figure class=\"wp-block-image size-large\"><img decoding=\"async\" width=\"1024\" height=\"1024\" data-id=\"14549\" src=\"https:\/\/www.wonnereich.com\/wp-content\/uploads\/2025\/04\/8d427fac-9373-4219-ab12-6865c44ce0c6.jpg\" alt=\"St. Isidor Heiliger des Internets\" class=\"wp-image-14549 no-lazyload\" srcset=\"https:\/\/www.wonnereich.com\/wp-content\/uploads\/2025\/04\/8d427fac-9373-4219-ab12-6865c44ce0c6.jpg 1024w, https:\/\/www.wonnereich.com\/wp-content\/uploads\/2025\/04\/8d427fac-9373-4219-ab12-6865c44ce0c6-300x300.jpg 300w, https:\/\/www.wonnereich.com\/wp-content\/uploads\/2025\/04\/8d427fac-9373-4219-ab12-6865c44ce0c6-150x150.jpg 150w, https:\/\/www.wonnereich.com\/wp-content\/uploads\/2025\/04\/8d427fac-9373-4219-ab12-6865c44ce0c6-768x768.jpg 768w, https:\/\/www.wonnereich.com\/wp-content\/uploads\/2025\/04\/8d427fac-9373-4219-ab12-6865c44ce0c6-12x12.jpg 12w, https:\/\/www.wonnereich.com\/wp-content\/uploads\/2025\/04\/8d427fac-9373-4219-ab12-6865c44ce0c6-324x324.jpg 324w, https:\/\/www.wonnereich.com\/wp-content\/uploads\/2025\/04\/8d427fac-9373-4219-ab12-6865c44ce0c6-416x416.jpg 416w, https:\/\/www.wonnereich.com\/wp-content\/uploads\/2025\/04\/8d427fac-9373-4219-ab12-6865c44ce0c6-100x100.jpg 100w\" sizes=\"(max-width: 1024px) 100vw, 1024px\" \/><\/figure>\n<\/figure>\n\n\n\n<h3 class=\"wp-block-heading\">Ein Wissensnetzwerk seiner Zeit<\/h3>\n\n\n\n<p>Isidor lebte in einer Epoche des Umbruchs. Das R\u00f6mische Reich war gefallen, Europa formierte sich neu, und Wissen war ein seltenes Gut, geh\u00fctet in Kl\u00f6stern und den K\u00f6pfen weniger Gelehrter. Doch Isidor verfolgte eine radikale Idee: <strong>Wissen darf nicht in Elfenbeint\u00fcrmen verschwinden \u2013 es muss bewahrt, strukturiert und zug\u00e4nglich gemacht werden.<\/strong><\/p>\n\n\n\n<p>Mit der <em>Etymologiae<\/em> schuf er eine gewaltige Enzyklop\u00e4die, die das gesamte Wissen seiner Zeit ordnete und f\u00fcr kommende Generationen konservierte. Er sammelte antikes Wissen, kategorisierte es und machte es verst\u00e4ndlich \u2013 ein Vorl\u00e4ufer dessen, was wir heute als <strong>Big Data und vernetzte Wissenssysteme<\/strong> kennen.<\/p>\n\n\n\n<h3 class=\"wp-block-heading\">Lernen als digitale Transformation des Geistes<\/h3>\n\n\n\n<p>Isidors eigener Bildungsweg verlief jedoch nicht geradlinig. Unter der strengen F\u00fchrung seines Bruders <strong>Leander<\/strong>, der ihn eher drillte als f\u00f6rderte, floh er als junger Mann aus dem Elternhaus. Rastlos lie\u00df er sich an einem Brunnen nieder und beobachtete, wie stetig fallende Wassertropfen \u00fcber die Jahre einen Stein ausgeh\u00f6hlt hatten. Dieses Bild wurde f\u00fcr ihn zur Schl\u00fcsselmetapher f\u00fcr das Lernen: <strong>Best\u00e4ndiges Wissen formt den Geist \u2013 wie Code, der Zeile f\u00fcr Zeile ein System erschafft.<\/strong><\/p>\n\n\n\n<p>Diese Erkenntnis pr\u00e4gte ihn tief und machte ihn zu einem der gr\u00f6\u00dften Gelehrten seiner Zeit. Er verstand, dass Bildung nicht f\u00fcr eine Elite reserviert sein sollte, sondern f\u00fcr <strong>alle<\/strong> \u2013 ein Gedanke, der heute das Fundament der digitalen Wissenskultur bildet.<\/p>\n\n\n\n<figure class=\"wp-block-gallery has-nested-images columns-default is-cropped wp-block-gallery-2 is-layout-flex wp-block-gallery-is-layout-flex\">\n<figure class=\"wp-block-image size-large\"><img decoding=\"async\" width=\"1024\" height=\"1024\" data-id=\"14547\" src=\"https:\/\/www.wonnereich.com\/wp-content\/uploads\/2025\/04\/712abafd-c31a-429c-a400-fed75c40a292.jpg\" alt=\"Isidor beobachtet die Wassertropfen des Brunnens\" class=\"wp-image-14547 no-lazyload\" srcset=\"https:\/\/www.wonnereich.com\/wp-content\/uploads\/2025\/04\/712abafd-c31a-429c-a400-fed75c40a292.jpg 1024w, https:\/\/www.wonnereich.com\/wp-content\/uploads\/2025\/04\/712abafd-c31a-429c-a400-fed75c40a292-300x300.jpg 300w, https:\/\/www.wonnereich.com\/wp-content\/uploads\/2025\/04\/712abafd-c31a-429c-a400-fed75c40a292-150x150.jpg 150w, https:\/\/www.wonnereich.com\/wp-content\/uploads\/2025\/04\/712abafd-c31a-429c-a400-fed75c40a292-768x768.jpg 768w, https:\/\/www.wonnereich.com\/wp-content\/uploads\/2025\/04\/712abafd-c31a-429c-a400-fed75c40a292-12x12.jpg 12w, https:\/\/www.wonnereich.com\/wp-content\/uploads\/2025\/04\/712abafd-c31a-429c-a400-fed75c40a292-324x324.jpg 324w, https:\/\/www.wonnereich.com\/wp-content\/uploads\/2025\/04\/712abafd-c31a-429c-a400-fed75c40a292-416x416.jpg 416w, https:\/\/www.wonnereich.com\/wp-content\/uploads\/2025\/04\/712abafd-c31a-429c-a400-fed75c40a292-100x100.jpg 100w\" sizes=\"(max-width: 1024px) 100vw, 1024px\" \/><\/figure>\n\n\n\n<figure class=\"wp-block-image size-large\"><img decoding=\"async\" width=\"1024\" height=\"1024\" data-id=\"14556\" src=\"https:\/\/www.wonnereich.com\/wp-content\/uploads\/2025\/04\/f7775f9b-8a85-4257-a5b1-eea4b770f01e.jpg\" alt=\"St. Isidor Heiliger des Wissens\" class=\"wp-image-14556 no-lazyload\" srcset=\"https:\/\/www.wonnereich.com\/wp-content\/uploads\/2025\/04\/f7775f9b-8a85-4257-a5b1-eea4b770f01e.jpg 1024w, https:\/\/www.wonnereich.com\/wp-content\/uploads\/2025\/04\/f7775f9b-8a85-4257-a5b1-eea4b770f01e-300x300.jpg 300w, https:\/\/www.wonnereich.com\/wp-content\/uploads\/2025\/04\/f7775f9b-8a85-4257-a5b1-eea4b770f01e-150x150.jpg 150w, https:\/\/www.wonnereich.com\/wp-content\/uploads\/2025\/04\/f7775f9b-8a85-4257-a5b1-eea4b770f01e-768x768.jpg 768w, https:\/\/www.wonnereich.com\/wp-content\/uploads\/2025\/04\/f7775f9b-8a85-4257-a5b1-eea4b770f01e-12x12.jpg 12w, https:\/\/www.wonnereich.com\/wp-content\/uploads\/2025\/04\/f7775f9b-8a85-4257-a5b1-eea4b770f01e-324x324.jpg 324w, https:\/\/www.wonnereich.com\/wp-content\/uploads\/2025\/04\/f7775f9b-8a85-4257-a5b1-eea4b770f01e-416x416.jpg 416w, https:\/\/www.wonnereich.com\/wp-content\/uploads\/2025\/04\/f7775f9b-8a85-4257-a5b1-eea4b770f01e-100x100.jpg 100w\" sizes=\"(max-width: 1024px) 100vw, 1024px\" \/><\/figure>\n\n\n\n<figure class=\"wp-block-image size-large\"><img decoding=\"async\" width=\"1024\" height=\"1024\" data-id=\"14555\" src=\"https:\/\/www.wonnereich.com\/wp-content\/uploads\/2025\/04\/cc73912f-e20c-4eb9-a29e-fb0d9a35cfa9.jpg\" alt=\"\" class=\"wp-image-14555 no-lazyload\" srcset=\"https:\/\/www.wonnereich.com\/wp-content\/uploads\/2025\/04\/cc73912f-e20c-4eb9-a29e-fb0d9a35cfa9.jpg 1024w, https:\/\/www.wonnereich.com\/wp-content\/uploads\/2025\/04\/cc73912f-e20c-4eb9-a29e-fb0d9a35cfa9-300x300.jpg 300w, https:\/\/www.wonnereich.com\/wp-content\/uploads\/2025\/04\/cc73912f-e20c-4eb9-a29e-fb0d9a35cfa9-150x150.jpg 150w, https:\/\/www.wonnereich.com\/wp-content\/uploads\/2025\/04\/cc73912f-e20c-4eb9-a29e-fb0d9a35cfa9-768x768.jpg 768w, https:\/\/www.wonnereich.com\/wp-content\/uploads\/2025\/04\/cc73912f-e20c-4eb9-a29e-fb0d9a35cfa9-12x12.jpg 12w, https:\/\/www.wonnereich.com\/wp-content\/uploads\/2025\/04\/cc73912f-e20c-4eb9-a29e-fb0d9a35cfa9-324x324.jpg 324w, https:\/\/www.wonnereich.com\/wp-content\/uploads\/2025\/04\/cc73912f-e20c-4eb9-a29e-fb0d9a35cfa9-416x416.jpg 416w, https:\/\/www.wonnereich.com\/wp-content\/uploads\/2025\/04\/cc73912f-e20c-4eb9-a29e-fb0d9a35cfa9-100x100.jpg 100w\" sizes=\"(max-width: 1024px) 100vw, 1024px\" \/><\/figure>\n<\/figure>\n\n\n\n<h3 class=\"wp-block-heading\">Schutzpatron des Internets \u2013 mehr als ein Symbol?<\/h3>\n\n\n\n<p>Dass die Kirche Isidor von Sevilla im Jahr 1997 zum <strong>Patron des Internets<\/strong> erkl\u00e4rte, ist weit mehr als eine charmante Anekdote. Seine Vision spiegelt exakt wider, was das Internet in seiner idealen Form sein soll: <strong>eine Plattform, die Wissen bewahrt, vernetzt und zug\u00e4nglich macht.<\/strong><\/p>\n\n\n\n<p>In einer Zeit, in der Information ebenso Segen wie Fluch sein kann, erinnert uns Isidor an den verantwortungsvollen Umgang mit Wissen. Er mahnt uns, dass wahres Wissen nicht nur das Speichern von Daten bedeutet, sondern auch das Verstehen, Strukturieren und Weitergeben von Erkenntnissen.<\/p>\n\n\n\n<p>Vielleicht sollten wir ihn in Momenten der digitalen Verzweiflung um Beistand bitten \u2013 sei es bei einer Netzwerkst\u00f6rung oder der Suche nach der einen, entscheidenden Information, die alles ver\u00e4ndert.<\/p>\n\n\n\n<figure class=\"wp-block-gallery has-nested-images columns-default is-cropped wp-block-gallery-3 is-layout-flex wp-block-gallery-is-layout-flex\">\n<figure class=\"wp-block-image size-large\"><img decoding=\"async\" width=\"1024\" height=\"1024\" data-id=\"14554\" src=\"https:\/\/www.wonnereich.com\/wp-content\/uploads\/2025\/04\/81596689-279e-41b2-a6d8-111fdbc5607c.jpg\" alt=\"St. Isidor Heiliger der Lehrenden\" class=\"wp-image-14554 no-lazyload\" srcset=\"https:\/\/www.wonnereich.com\/wp-content\/uploads\/2025\/04\/81596689-279e-41b2-a6d8-111fdbc5607c.jpg 1024w, https:\/\/www.wonnereich.com\/wp-content\/uploads\/2025\/04\/81596689-279e-41b2-a6d8-111fdbc5607c-300x300.jpg 300w, https:\/\/www.wonnereich.com\/wp-content\/uploads\/2025\/04\/81596689-279e-41b2-a6d8-111fdbc5607c-150x150.jpg 150w, https:\/\/www.wonnereich.com\/wp-content\/uploads\/2025\/04\/81596689-279e-41b2-a6d8-111fdbc5607c-768x768.jpg 768w, https:\/\/www.wonnereich.com\/wp-content\/uploads\/2025\/04\/81596689-279e-41b2-a6d8-111fdbc5607c-12x12.jpg 12w, https:\/\/www.wonnereich.com\/wp-content\/uploads\/2025\/04\/81596689-279e-41b2-a6d8-111fdbc5607c-324x324.jpg 324w, https:\/\/www.wonnereich.com\/wp-content\/uploads\/2025\/04\/81596689-279e-41b2-a6d8-111fdbc5607c-416x416.jpg 416w, https:\/\/www.wonnereich.com\/wp-content\/uploads\/2025\/04\/81596689-279e-41b2-a6d8-111fdbc5607c-100x100.jpg 100w\" sizes=\"(max-width: 1024px) 100vw, 1024px\" \/><\/figure>\n\n\n\n<figure class=\"wp-block-image size-large\"><img decoding=\"async\" width=\"1024\" height=\"1024\" data-id=\"14553\" src=\"https:\/\/www.wonnereich.com\/wp-content\/uploads\/2025\/04\/2acf632c-57a0-41e5-9f8e-4cbb25299820.jpg\" alt=\"St. Isidor Heiliger der Studenten\" class=\"wp-image-14553 no-lazyload\" srcset=\"https:\/\/www.wonnereich.com\/wp-content\/uploads\/2025\/04\/2acf632c-57a0-41e5-9f8e-4cbb25299820.jpg 1024w, https:\/\/www.wonnereich.com\/wp-content\/uploads\/2025\/04\/2acf632c-57a0-41e5-9f8e-4cbb25299820-300x300.jpg 300w, https:\/\/www.wonnereich.com\/wp-content\/uploads\/2025\/04\/2acf632c-57a0-41e5-9f8e-4cbb25299820-150x150.jpg 150w, https:\/\/www.wonnereich.com\/wp-content\/uploads\/2025\/04\/2acf632c-57a0-41e5-9f8e-4cbb25299820-768x768.jpg 768w, https:\/\/www.wonnereich.com\/wp-content\/uploads\/2025\/04\/2acf632c-57a0-41e5-9f8e-4cbb25299820-12x12.jpg 12w, https:\/\/www.wonnereich.com\/wp-content\/uploads\/2025\/04\/2acf632c-57a0-41e5-9f8e-4cbb25299820-324x324.jpg 324w, https:\/\/www.wonnereich.com\/wp-content\/uploads\/2025\/04\/2acf632c-57a0-41e5-9f8e-4cbb25299820-416x416.jpg 416w, https:\/\/www.wonnereich.com\/wp-content\/uploads\/2025\/04\/2acf632c-57a0-41e5-9f8e-4cbb25299820-100x100.jpg 100w\" sizes=\"(max-width: 1024px) 100vw, 1024px\" \/><\/figure>\n\n\n\n<figure class=\"wp-block-image size-large\"><img decoding=\"async\" width=\"1024\" height=\"1024\" data-id=\"14552\" src=\"https:\/\/www.wonnereich.com\/wp-content\/uploads\/2025\/04\/67316626-7897-4b43-a9e8-c225169c8759.jpg\" alt=\"St. Isidor Heiliger der Sch\u00fcler\" class=\"wp-image-14552 no-lazyload\" srcset=\"https:\/\/www.wonnereich.com\/wp-content\/uploads\/2025\/04\/67316626-7897-4b43-a9e8-c225169c8759.jpg 1024w, https:\/\/www.wonnereich.com\/wp-content\/uploads\/2025\/04\/67316626-7897-4b43-a9e8-c225169c8759-300x300.jpg 300w, https:\/\/www.wonnereich.com\/wp-content\/uploads\/2025\/04\/67316626-7897-4b43-a9e8-c225169c8759-150x150.jpg 150w, https:\/\/www.wonnereich.com\/wp-content\/uploads\/2025\/04\/67316626-7897-4b43-a9e8-c225169c8759-768x768.jpg 768w, https:\/\/www.wonnereich.com\/wp-content\/uploads\/2025\/04\/67316626-7897-4b43-a9e8-c225169c8759-12x12.jpg 12w, https:\/\/www.wonnereich.com\/wp-content\/uploads\/2025\/04\/67316626-7897-4b43-a9e8-c225169c8759-324x324.jpg 324w, https:\/\/www.wonnereich.com\/wp-content\/uploads\/2025\/04\/67316626-7897-4b43-a9e8-c225169c8759-416x416.jpg 416w, https:\/\/www.wonnereich.com\/wp-content\/uploads\/2025\/04\/67316626-7897-4b43-a9e8-c225169c8759-100x100.jpg 100w\" sizes=\"(max-width: 1024px) 100vw, 1024px\" \/><\/figure>\n<\/figure>\n\n\n\n<p><strong>#IsidorVonSevilla #CyberSaint #Wonnereich #WissenVerbindet #DigitalesErbe #LifelongLearning #PatronDesInternets<\/strong><\/p>","protected":false},"excerpt":{"rendered":"<p>Isidor von Sevilla \u2013 Der Cyber-Heilige des vernetzten Wissens In einer Welt, die von Algorithmen, Netzwerken und digitaler Vernetzung gepr\u00e4gt ist, erscheint es fast prophetisch, dass ein Gelehrter aus dem 6. Jahrhundert heute als Schutzpatron des Internets gilt. Isidor von Sevilla, ein Vision\u00e4r seiner Zeit, erkannte bereits vor \u00fcber 1400 Jahren die Bedeutung eines geordneten, [&hellip;]<\/p>","protected":false},"author":1,"featured_media":14548,"comment_status":"open","ping_status":"open","sticky":false,"template":"","format":"standard","meta":{"footnotes":""},"categories":[1],"tags":[],"class_list":["post-14546","post","type-post","status-publish","format-standard","has-post-thumbnail","hentry","category-allgemein"],"yoast_head":"<!-- This site is optimized with the Yoast SEO plugin v26.9 - https:\/\/yoast.com\/product\/yoast-seo-wordpress\/ -->\n<title>Isidor von Sevilla - Der Heilige des Internets &#8226; ATELIER WONNEREICH<\/title>\n<meta name=\"description\" content=\"Isidor von Sevilla \u2013 der Schutzpatron des Internets. Warum dieser mittelalterliche Gelehrte als Vision\u00e4r vernetzten Wissens gilt und was seine Etymologiae mit Big Data und digitaler Transformation zu tun hat.\" \/>\n<meta name=\"robots\" content=\"index, follow, max-snippet:-1, max-image-preview:large, max-video-preview:-1\" \/>\n<link rel=\"canonical\" href=\"https:\/\/www.wonnereich.com\/en\/isidor-von-sevilla-der-heilige-des-internets\/\" \/>\n<meta property=\"og:locale\" content=\"en_GB\" \/>\n<meta property=\"og:type\" content=\"article\" \/>\n<meta property=\"og:title\" content=\"Isidor von Sevilla - Der Heilige des Internets &#8226; ATELIER WONNEREICH\" \/>\n<meta property=\"og:description\" content=\"Isidor von Sevilla \u2013 der Schutzpatron des Internets. Warum dieser mittelalterliche Gelehrte als Vision\u00e4r vernetzten Wissens gilt und was seine Etymologiae mit Big Data und digitaler Transformation zu tun hat.\" \/>\n<meta property=\"og:url\" content=\"https:\/\/www.wonnereich.com\/en\/isidor-von-sevilla-der-heilige-des-internets\/\" \/>\n<meta property=\"og:site_name\" content=\"ATELIER WONNEREICH\" \/>\n<meta property=\"article:published_time\" content=\"2025-04-02T16:23:00+00:00\" \/>\n<meta property=\"article:modified_time\" content=\"2025-04-02T16:23:05+00:00\" \/>\n<meta property=\"og:image\" content=\"https:\/\/www.wonnereich.com\/wp-content\/uploads\/2025\/04\/d03ab0ca-3041-45f3-ac82-66d174314c68.jpg\" \/>\n\t<meta property=\"og:image:width\" content=\"1024\" \/>\n\t<meta property=\"og:image:height\" content=\"1024\" \/>\n\t<meta property=\"og:image:type\" content=\"image\/jpeg\" \/>\n<meta name=\"author\" content=\"wonnereich\" \/>\n<meta name=\"twitter:card\" content=\"summary_large_image\" \/>\n<meta name=\"twitter:label1\" content=\"Written by\" \/>\n\t<meta name=\"twitter:data1\" content=\"wonnereich\" \/>\n\t<meta name=\"twitter:label2\" content=\"Estimated reading time\" \/>\n\t<meta name=\"twitter:data2\" content=\"5 minutes\" \/>\n<script type=\"application\/ld+json\" class=\"yoast-schema-graph\">{\"@context\":\"https:\/\/schema.org\",\"@graph\":[{\"@type\":\"Article\",\"@id\":\"https:\/\/www.wonnereich.com\/isidor-von-sevilla-der-heilige-des-internets\/#article\",\"isPartOf\":{\"@id\":\"https:\/\/www.wonnereich.com\/isidor-von-sevilla-der-heilige-des-internets\/\"},\"author\":{\"name\":\"wonnereich\",\"@id\":\"https:\/\/www.wonnereich.com\/#\/schema\/person\/ec8da2435d7f84eb79bfa9ba04bdefde\"},\"headline\":\"Isidor von Sevilla &#8211; Der Heilige des Internets\",\"datePublished\":\"2025-04-02T16:23:00+00:00\",\"dateModified\":\"2025-04-02T16:23:05+00:00\",\"mainEntityOfPage\":{\"@id\":\"https:\/\/www.wonnereich.com\/isidor-von-sevilla-der-heilige-des-internets\/\"},\"wordCount\":464,\"commentCount\":0,\"publisher\":{\"@id\":\"https:\/\/www.wonnereich.com\/#organization\"},\"image\":{\"@id\":\"https:\/\/www.wonnereich.com\/isidor-von-sevilla-der-heilige-des-internets\/#primaryimage\"},\"thumbnailUrl\":\"https:\/\/www.wonnereich.com\/wp-content\/uploads\/2025\/04\/d03ab0ca-3041-45f3-ac82-66d174314c68.jpg\",\"articleSection\":[\"Allgemein\"],\"inLanguage\":\"en-GB\",\"potentialAction\":[{\"@type\":\"CommentAction\",\"name\":\"Comment\",\"target\":[\"https:\/\/www.wonnereich.com\/isidor-von-sevilla-der-heilige-des-internets\/#respond\"]}]},{\"@type\":\"WebPage\",\"@id\":\"https:\/\/www.wonnereich.com\/isidor-von-sevilla-der-heilige-des-internets\/\",\"url\":\"https:\/\/www.wonnereich.com\/isidor-von-sevilla-der-heilige-des-internets\/\",\"name\":\"Isidor von Sevilla - Der Heilige des Internets &#8226; ATELIER WONNEREICH\",\"isPartOf\":{\"@id\":\"https:\/\/www.wonnereich.com\/#website\"},\"primaryImageOfPage\":{\"@id\":\"https:\/\/www.wonnereich.com\/isidor-von-sevilla-der-heilige-des-internets\/#primaryimage\"},\"image\":{\"@id\":\"https:\/\/www.wonnereich.com\/isidor-von-sevilla-der-heilige-des-internets\/#primaryimage\"},\"thumbnailUrl\":\"https:\/\/www.wonnereich.com\/wp-content\/uploads\/2025\/04\/d03ab0ca-3041-45f3-ac82-66d174314c68.jpg\",\"datePublished\":\"2025-04-02T16:23:00+00:00\",\"dateModified\":\"2025-04-02T16:23:05+00:00\",\"description\":\"Isidor von Sevilla \u2013 der Schutzpatron des Internets. Warum dieser mittelalterliche Gelehrte als Vision\u00e4r vernetzten Wissens gilt und was seine Etymologiae mit Big Data und digitaler Transformation zu tun hat.\",\"breadcrumb\":{\"@id\":\"https:\/\/www.wonnereich.com\/isidor-von-sevilla-der-heilige-des-internets\/#breadcrumb\"},\"inLanguage\":\"en-GB\",\"potentialAction\":[{\"@type\":\"ReadAction\",\"target\":[\"https:\/\/www.wonnereich.com\/isidor-von-sevilla-der-heilige-des-internets\/\"]}]},{\"@type\":\"ImageObject\",\"inLanguage\":\"en-GB\",\"@id\":\"https:\/\/www.wonnereich.com\/isidor-von-sevilla-der-heilige-des-internets\/#primaryimage\",\"url\":\"https:\/\/www.wonnereich.com\/wp-content\/uploads\/2025\/04\/d03ab0ca-3041-45f3-ac82-66d174314c68.jpg\",\"contentUrl\":\"https:\/\/www.wonnereich.com\/wp-content\/uploads\/2025\/04\/d03ab0ca-3041-45f3-ac82-66d174314c68.jpg\",\"width\":1024,\"height\":1024,\"caption\":\"Hl. Isidor von Sevilla Heiliger der Wissenschafter und Forscher\"},{\"@type\":\"BreadcrumbList\",\"@id\":\"https:\/\/www.wonnereich.com\/isidor-von-sevilla-der-heilige-des-internets\/#breadcrumb\",\"itemListElement\":[{\"@type\":\"ListItem\",\"position\":1,\"name\":\"Home\",\"item\":\"https:\/\/www.wonnereich.com\/\"},{\"@type\":\"ListItem\",\"position\":2,\"name\":\"Isidor von Sevilla &#8211; Der Heilige des Internets\"}]},{\"@type\":\"WebSite\",\"@id\":\"https:\/\/www.wonnereich.com\/#website\",\"url\":\"https:\/\/www.wonnereich.com\/\",\"name\":\"ATELIER WONNEREICH\",\"description\":\"Handwerk+Design Moderne Wandbilder\",\"publisher\":{\"@id\":\"https:\/\/www.wonnereich.com\/#organization\"},\"potentialAction\":[{\"@type\":\"SearchAction\",\"target\":{\"@type\":\"EntryPoint\",\"urlTemplate\":\"https:\/\/www.wonnereich.com\/?s={search_term_string}\"},\"query-input\":{\"@type\":\"PropertyValueSpecification\",\"valueRequired\":true,\"valueName\":\"search_term_string\"}}],\"inLanguage\":\"en-GB\"},{\"@type\":\"Organization\",\"@id\":\"https:\/\/www.wonnereich.com\/#organization\",\"name\":\"Atelier WONNEREICH\",\"url\":\"https:\/\/www.wonnereich.com\/\",\"logo\":{\"@type\":\"ImageObject\",\"inLanguage\":\"en-GB\",\"@id\":\"https:\/\/www.wonnereich.com\/#\/schema\/logo\/image\/\",\"url\":\"https:\/\/www.wonnereich.com\/wp-content\/uploads\/2020\/05\/cropped-atelier-wonnereich-wandbilder-1024x256-1.jpg\",\"contentUrl\":\"https:\/\/www.wonnereich.com\/wp-content\/uploads\/2020\/05\/cropped-atelier-wonnereich-wandbilder-1024x256-1.jpg\",\"width\":1024,\"height\":240,\"caption\":\"Atelier WONNEREICH\"},\"image\":{\"@id\":\"https:\/\/www.wonnereich.com\/#\/schema\/logo\/image\/\"}},{\"@type\":\"Person\",\"@id\":\"https:\/\/www.wonnereich.com\/#\/schema\/person\/ec8da2435d7f84eb79bfa9ba04bdefde\",\"name\":\"wonnereich\",\"image\":{\"@type\":\"ImageObject\",\"inLanguage\":\"en-GB\",\"@id\":\"https:\/\/www.wonnereich.com\/#\/schema\/person\/image\/\",\"url\":\"https:\/\/secure.gravatar.com\/avatar\/8a02037f7fdc984dc7d30ee943109d6f68df653ebd21b557ca0a2bbe0836f4f4?s=96&d=mm&r=g\",\"contentUrl\":\"https:\/\/secure.gravatar.com\/avatar\/8a02037f7fdc984dc7d30ee943109d6f68df653ebd21b557ca0a2bbe0836f4f4?s=96&d=mm&r=g\",\"caption\":\"wonnereich\"},\"url\":\"https:\/\/www.wonnereich.com\/en\/author\/wonnereich\/\"}]}<\/script>\n<!-- \/ Yoast SEO plugin. -->","yoast_head_json":{"title":"Isidor von Sevilla - Der Heilige des Internets &#8226; ATELIER WONNEREICH","description":"Isidor von Sevilla \u2013 der Schutzpatron des Internets. Warum dieser mittelalterliche Gelehrte als Vision\u00e4r vernetzten Wissens gilt und was seine Etymologiae mit Big Data und digitaler Transformation zu tun hat.","robots":{"index":"index","follow":"follow","max-snippet":"max-snippet:-1","max-image-preview":"max-image-preview:large","max-video-preview":"max-video-preview:-1"},"canonical":"https:\/\/www.wonnereich.com\/en\/isidor-von-sevilla-der-heilige-des-internets\/","og_locale":"en_GB","og_type":"article","og_title":"Isidor von Sevilla - Der Heilige des Internets &#8226; ATELIER WONNEREICH","og_description":"Isidor von Sevilla \u2013 der Schutzpatron des Internets. Warum dieser mittelalterliche Gelehrte als Vision\u00e4r vernetzten Wissens gilt und was seine Etymologiae mit Big Data und digitaler Transformation zu tun hat.","og_url":"https:\/\/www.wonnereich.com\/en\/isidor-von-sevilla-der-heilige-des-internets\/","og_site_name":"ATELIER WONNEREICH","article_published_time":"2025-04-02T16:23:00+00:00","article_modified_time":"2025-04-02T16:23:05+00:00","og_image":[{"width":1024,"height":1024,"url":"https:\/\/www.wonnereich.com\/wp-content\/uploads\/2025\/04\/d03ab0ca-3041-45f3-ac82-66d174314c68.jpg","type":"image\/jpeg"}],"author":"wonnereich","twitter_card":"summary_large_image","twitter_misc":{"Written by":"wonnereich","Estimated reading time":"5 minutes"},"schema":{"@context":"https:\/\/schema.org","@graph":[{"@type":"Article","@id":"https:\/\/www.wonnereich.com\/isidor-von-sevilla-der-heilige-des-internets\/#article","isPartOf":{"@id":"https:\/\/www.wonnereich.com\/isidor-von-sevilla-der-heilige-des-internets\/"},"author":{"name":"wonnereich","@id":"https:\/\/www.wonnereich.com\/#\/schema\/person\/ec8da2435d7f84eb79bfa9ba04bdefde"},"headline":"Isidor von Sevilla &#8211; Der Heilige des Internets","datePublished":"2025-04-02T16:23:00+00:00","dateModified":"2025-04-02T16:23:05+00:00","mainEntityOfPage":{"@id":"https:\/\/www.wonnereich.com\/isidor-von-sevilla-der-heilige-des-internets\/"},"wordCount":464,"commentCount":0,"publisher":{"@id":"https:\/\/www.wonnereich.com\/#organization"},"image":{"@id":"https:\/\/www.wonnereich.com\/isidor-von-sevilla-der-heilige-des-internets\/#primaryimage"},"thumbnailUrl":"https:\/\/www.wonnereich.com\/wp-content\/uploads\/2025\/04\/d03ab0ca-3041-45f3-ac82-66d174314c68.jpg","articleSection":["Allgemein"],"inLanguage":"en-GB","potentialAction":[{"@type":"CommentAction","name":"Comment","target":["https:\/\/www.wonnereich.com\/isidor-von-sevilla-der-heilige-des-internets\/#respond"]}]},{"@type":"WebPage","@id":"https:\/\/www.wonnereich.com\/isidor-von-sevilla-der-heilige-des-internets\/","url":"https:\/\/www.wonnereich.com\/isidor-von-sevilla-der-heilige-des-internets\/","name":"Isidor von Sevilla - Der Heilige des Internets &#8226; ATELIER WONNEREICH","isPartOf":{"@id":"https:\/\/www.wonnereich.com\/#website"},"primaryImageOfPage":{"@id":"https:\/\/www.wonnereich.com\/isidor-von-sevilla-der-heilige-des-internets\/#primaryimage"},"image":{"@id":"https:\/\/www.wonnereich.com\/isidor-von-sevilla-der-heilige-des-internets\/#primaryimage"},"thumbnailUrl":"https:\/\/www.wonnereich.com\/wp-content\/uploads\/2025\/04\/d03ab0ca-3041-45f3-ac82-66d174314c68.jpg","datePublished":"2025-04-02T16:23:00+00:00","dateModified":"2025-04-02T16:23:05+00:00","description":"Isidor von Sevilla \u2013 der Schutzpatron des Internets. Warum dieser mittelalterliche Gelehrte als Vision\u00e4r vernetzten Wissens gilt und was seine Etymologiae mit Big Data und digitaler Transformation zu tun hat.","breadcrumb":{"@id":"https:\/\/www.wonnereich.com\/isidor-von-sevilla-der-heilige-des-internets\/#breadcrumb"},"inLanguage":"en-GB","potentialAction":[{"@type":"ReadAction","target":["https:\/\/www.wonnereich.com\/isidor-von-sevilla-der-heilige-des-internets\/"]}]},{"@type":"ImageObject","inLanguage":"en-GB","@id":"https:\/\/www.wonnereich.com\/isidor-von-sevilla-der-heilige-des-internets\/#primaryimage","url":"https:\/\/www.wonnereich.com\/wp-content\/uploads\/2025\/04\/d03ab0ca-3041-45f3-ac82-66d174314c68.jpg","contentUrl":"https:\/\/www.wonnereich.com\/wp-content\/uploads\/2025\/04\/d03ab0ca-3041-45f3-ac82-66d174314c68.jpg","width":1024,"height":1024,"caption":"Hl. Isidor von Sevilla Heiliger der Wissenschafter und Forscher"},{"@type":"BreadcrumbList","@id":"https:\/\/www.wonnereich.com\/isidor-von-sevilla-der-heilige-des-internets\/#breadcrumb","itemListElement":[{"@type":"ListItem","position":1,"name":"Home","item":"https:\/\/www.wonnereich.com\/"},{"@type":"ListItem","position":2,"name":"Isidor von Sevilla &#8211; Der Heilige des Internets"}]},{"@type":"WebSite","@id":"https:\/\/www.wonnereich.com\/#website","url":"https:\/\/www.wonnereich.com\/","name":"ATELIER WONNEREICH","description":"Handwerk+Design Moderne Wandbilder","publisher":{"@id":"https:\/\/www.wonnereich.com\/#organization"},"potentialAction":[{"@type":"SearchAction","target":{"@type":"EntryPoint","urlTemplate":"https:\/\/www.wonnereich.com\/?s={search_term_string}"},"query-input":{"@type":"PropertyValueSpecification","valueRequired":true,"valueName":"search_term_string"}}],"inLanguage":"en-GB"},{"@type":"Organization","@id":"https:\/\/www.wonnereich.com\/#organization","name":"Atelier WONNEREICH","url":"https:\/\/www.wonnereich.com\/","logo":{"@type":"ImageObject","inLanguage":"en-GB","@id":"https:\/\/www.wonnereich.com\/#\/schema\/logo\/image\/","url":"https:\/\/www.wonnereich.com\/wp-content\/uploads\/2020\/05\/cropped-atelier-wonnereich-wandbilder-1024x256-1.jpg","contentUrl":"https:\/\/www.wonnereich.com\/wp-content\/uploads\/2020\/05\/cropped-atelier-wonnereich-wandbilder-1024x256-1.jpg","width":1024,"height":240,"caption":"Atelier WONNEREICH"},"image":{"@id":"https:\/\/www.wonnereich.com\/#\/schema\/logo\/image\/"}},{"@type":"Person","@id":"https:\/\/www.wonnereich.com\/#\/schema\/person\/ec8da2435d7f84eb79bfa9ba04bdefde","name":"wonnereich","image":{"@type":"ImageObject","inLanguage":"en-GB","@id":"https:\/\/www.wonnereich.com\/#\/schema\/person\/image\/","url":"https:\/\/secure.gravatar.com\/avatar\/8a02037f7fdc984dc7d30ee943109d6f68df653ebd21b557ca0a2bbe0836f4f4?s=96&d=mm&r=g","contentUrl":"https:\/\/secure.gravatar.com\/avatar\/8a02037f7fdc984dc7d30ee943109d6f68df653ebd21b557ca0a2bbe0836f4f4?s=96&d=mm&r=g","caption":"wonnereich"},"url":"https:\/\/www.wonnereich.com\/en\/author\/wonnereich\/"}]}},"_links":{"self":[{"href":"https:\/\/www.wonnereich.com\/en\/wp-json\/wp\/v2\/posts\/14546","targetHints":{"allow":["GET"]}}],"collection":[{"href":"https:\/\/www.wonnereich.com\/en\/wp-json\/wp\/v2\/posts"}],"about":[{"href":"https:\/\/www.wonnereich.com\/en\/wp-json\/wp\/v2\/types\/post"}],"author":[{"embeddable":true,"href":"https:\/\/www.wonnereich.com\/en\/wp-json\/wp\/v2\/users\/1"}],"replies":[{"embeddable":true,"href":"https:\/\/www.wonnereich.com\/en\/wp-json\/wp\/v2\/comments?post=14546"}],"version-history":[{"count":1,"href":"https:\/\/www.wonnereich.com\/en\/wp-json\/wp\/v2\/posts\/14546\/revisions"}],"predecessor-version":[{"id":14557,"href":"https:\/\/www.wonnereich.com\/en\/wp-json\/wp\/v2\/posts\/14546\/revisions\/14557"}],"wp:featuredmedia":[{"embeddable":true,"href":"https:\/\/www.wonnereich.com\/en\/wp-json\/wp\/v2\/media\/14548"}],"wp:attachment":[{"href":"https:\/\/www.wonnereich.com\/en\/wp-json\/wp\/v2\/media?parent=14546"}],"wp:term":[{"taxonomy":"category","embeddable":true,"href":"https:\/\/www.wonnereich.com\/en\/wp-json\/wp\/v2\/categories?post=14546"},{"taxonomy":"post_tag","embeddable":true,"href":"https:\/\/www.wonnereich.com\/en\/wp-json\/wp\/v2\/tags?post=14546"}],"curies":[{"name":"wp","href":"https:\/\/api.w.org\/{rel}","templated":true}]}}